{"id":37519,"date":"2026-01-22T10:25:28","date_gmt":"2026-01-22T10:25:28","guid":{"rendered":"https:\/\/allianzglobaldara.com\/?p=37519"},"modified":"2026-01-22T10:40:57","modified_gmt":"2026-01-22T10:40:57","slug":"seguro-salud-mataro-canet-mes-gratis","status":"publish","type":"post","link":"https:\/\/allianzglobaldara.com\/es\/seguro-salud-mataro-canet-mes-gratis\/","title":{"rendered":"Seguro de salud para particulares en Matar\u00f3 y Canet de Mar: ahora con hasta 3 meses gratis en Allianz Global d\u2019Ara"},"content":{"rendered":"<div class=\"wpb-content-wrapper\">[vc_row][vc_column][vc_column_text css=\u00bb\u00bb]\n<p data-start=\"343\" data-end=\"715\">En <strong data-start=\"346\" data-end=\"370\">Allianz Global d\u2019Ara<\/strong> creemos que cuidar la salud debe ser f\u00e1cil, accesible y con beneficios reales desde el primer momento. Por eso, este mes lanzamos una <strong data-start=\"505\" data-end=\"567\">promoci\u00f3n especial en el seguro de salud para particulares<\/strong>, pensada para quienes viven en <strong data-start=\"599\" data-end=\"658\">Matar\u00f3, Canet de Mar y poblaciones cercanas del Maresme<\/strong> y quieren dar el paso hacia una mejor protecci\u00f3n m\u00e9dica.<\/p>\n<p data-start=\"717\" data-end=\"989\">\ud83d\udc49 <strong data-start=\"720\" data-end=\"763\">1 mes gratuito por cada asegurado nuevo<\/strong>, con un <strong data-start=\"772\" data-end=\"824\">l\u00edmite m\u00e1ximo de hasta 3 meses gratis por p\u00f3liza<\/strong>.<br data-start=\"825\" data-end=\"828\" \/>Una oportunidad perfecta para incorporar a tu pareja, hijos u otros familiares a un <strong data-start=\"912\" data-end=\"940\">seguro de salud completo<\/strong>, con un ahorro inmediato desde el primer recibo.<\/p>\n<h4 data-start=\"991\" data-end=\"1049\">M\u00e1s salud, m\u00e1s tranquilidad\u2026 y ahora tambi\u00e9n m\u00e1s ahorro<\/h4>\n<p data-start=\"1051\" data-end=\"1324\">Contratar un seguro de salud es una decisi\u00f3n que impacta directamente en tu bienestar y el de los tuyos. Con Allianz Salud, accedes a un <strong data-start=\"1188\" data-end=\"1212\">amplio cuadro m\u00e9dico<\/strong>, especialistas de primer nivel y centros m\u00e9dicos de referencia, evitando largas esperas y ganando en comodidad.<\/p>\n<p data-start=\"1326\" data-end=\"1542\">Esta promoci\u00f3n te permite empezar a disfrutar de todas estas ventajas con un <strong data-start=\"1403\" data-end=\"1432\">beneficio econ\u00f3mico claro<\/strong>, algo especialmente valorado por familias que buscan una soluci\u00f3n m\u00e9dica privada, flexible y bien gestionada.<\/p>\n<p data-start=\"1544\" data-end=\"1818\">Adem\u00e1s, las modalidades de salud de Allianz est\u00e1n pensadas para adaptarse a distintas necesidades, ya sea para una persona sola, una pareja o una familia completa. Nuestro equipo te asesora para que elijas la opci\u00f3n que realmente encaja contigo, sin coberturas innecesarias.<\/p>\n<h4 data-start=\"1820\" data-end=\"1869\">Una promoci\u00f3n pensada para cuidar de los tuyos<\/h4>\n<p data-start=\"1871\" data-end=\"2178\">El <strong data-start=\"1874\" data-end=\"1902\">mes gratis por asegurado<\/strong> convierte esta campa\u00f1a en una ocasi\u00f3n ideal para ampliar la protecci\u00f3n de tu entorno m\u00e1s cercano. Es una forma sencilla de que tus familiares comiencen a disfrutar de un seguro de salud con garant\u00edas, sabiendo que cuentan con asistencia m\u00e9dica de calidad cuando la necesitan.<\/p>\n<p data-start=\"2180\" data-end=\"2336\">Esta promoci\u00f3n est\u00e1 <strong data-start=\"2200\" data-end=\"2232\">vigente hasta el 31 de enero<\/strong>, por lo que es el momento perfecto para informarte, comparar opciones y tomar una decisi\u00f3n con ventaja.<\/p>\n<h4 data-start=\"2338\" data-end=\"2387\">Asesoramiento cercano en Matar\u00f3 y Canet de Mar<\/h4>\n<p data-start=\"2389\" data-end=\"2658\">En Allianz Global d\u2019Ara no solo contratamos seguros: <strong data-start=\"2442\" data-end=\"2472\">acompa\u00f1amos a las personas<\/strong>. Desde nuestras oficinas en <strong data-start=\"2501\" data-end=\"2526\">Matar\u00f3 y Canet de Mar<\/strong>, ofrecemos un asesoramiento cercano y personalizado, resolviendo dudas y adaptando cada p\u00f3liza a la situaci\u00f3n real de cada cliente.<\/p>\n<p data-start=\"2660\" data-end=\"2804\">Si est\u00e1s valorando contratar un <strong data-start=\"2692\" data-end=\"2743\">seguro de salud para particulares en el Maresme<\/strong>, ahora puedes hacerlo con una ventaja clara desde el inicio.<\/p>\n<h3><\/h3>\n[\/vc_column_text][\/vc_column][\/vc_row]\n<\/div>","protected":false},"excerpt":{"rendered":"<p>[vc_row][vc_column][vc_column_text css=\u00bb\u00bb] En Allianz Global d\u2019Ara creemos que cuidar la salud debe ser f\u00e1cil, accesible y con beneficios reales desde el primer momento. Por eso, este mes lanzamos una promoci\u00f3n especial en el seguro de salud para particulares, pensada para quienes viven en Matar\u00f3, Canet de Mar y poblaciones cercanas del Maresme y quieren dar&hellip;<\/p>\n","protected":false},"author":1,"featured_media":37522,"comment_status":"open","ping_status":"closed","sticky":false,"template":"","format":"standard","meta":{"_joinchat":[],"footnotes":""},"categories":[51],"tags":[],"post_series":[],"class_list":["post-37519","post","type-post","status-publish","format-standard","has-post-thumbnail","hentry","category-uncategorized-ca-es","entry","has-media"],"yoast_head":"<!-- This site is optimized with the Yoast SEO plugin v26.9 - https:\/\/yoast.com\/product\/yoast-seo-wordpress\/ -->\n<title>Seguro de salud en Matar\u00f3 y Canet | Hasta 3 meses gratis<\/title>\n<meta name=\"description\" content=\"Contrata tu seguro de salud en Matar\u00f3 o Canet de Mar con Allianz Global d\u2019Ara. Accede a un amplio cuadro m\u00e9dico y disfruta de hasta 3 meses gratis. Promo v\u00e1lida hasta el 31 de enero.\" \/>\n<meta name=\"robots\" content=\"index, follow, max-snippet:-1, max-image-preview:large, max-video-preview:-1\" \/>\n<link rel=\"canonical\" href=\"https:\/\/allianzglobaldara.com\/es\/seguro-salud-mataro-canet-mes-gratis\/\" \/>\n<meta property=\"og:locale\" content=\"es_ES\" \/>\n<meta property=\"og:type\" content=\"article\" \/>\n<meta property=\"og:title\" content=\"Seguro de salud en Matar\u00f3 y Canet | Hasta 3 meses gratis\" \/>\n<meta property=\"og:description\" content=\"Contrata tu seguro de salud en Matar\u00f3 o Canet de Mar con Allianz Global d\u2019Ara. Accede a un amplio cuadro m\u00e9dico y disfruta de hasta 3 meses gratis. Promo v\u00e1lida hasta el 31 de enero.\" \/>\n<meta property=\"og:url\" content=\"https:\/\/allianzglobaldara.com\/es\/seguro-salud-mataro-canet-mes-gratis\/\" \/>\n<meta property=\"og:site_name\" content=\"Allianz d&#039;Ara Grup\" \/>\n<meta property=\"article:published_time\" content=\"2026-01-22T10:25:28+00:00\" \/>\n<meta property=\"article:modified_time\" content=\"2026-01-22T10:40:57+00:00\" \/>\n<meta property=\"og:image\" content=\"https:\/\/allianzglobaldara.com\/wp-content\/uploads\/2026\/01\/Newsletter-Allianz-15.png\" \/>\n\t<meta property=\"og:image:width\" content=\"800\" \/>\n\t<meta property=\"og:image:height\" content=\"500\" \/>\n\t<meta property=\"og:image:type\" content=\"image\/png\" \/>\n<meta name=\"author\" content=\"admin\" \/>\n<meta name=\"twitter:card\" content=\"summary_large_image\" \/>\n<meta name=\"twitter:label1\" content=\"Escrito por\" \/>\n\t<meta name=\"twitter:data1\" content=\"admin\" \/>\n\t<meta name=\"twitter:label2\" content=\"Tiempo de lectura\" \/>\n\t<meta name=\"twitter:data2\" content=\"3 minutos\" \/>\n<script type=\"application\/ld+json\" class=\"yoast-schema-graph\">{\"@context\":\"https:\/\/schema.org\",\"@graph\":[{\"@type\":\"Article\",\"@id\":\"https:\/\/allianzglobaldara.com\/es\/seguro-salud-mataro-canet-mes-gratis\/#article\",\"isPartOf\":{\"@id\":\"https:\/\/allianzglobaldara.com\/es\/seguro-salud-mataro-canet-mes-gratis\/\"},\"author\":{\"name\":\"admin\",\"@id\":\"https:\/\/allianzglobaldara.com\/#\/schema\/person\/fae2d4e90b21f578e3cb83fd0318890c\"},\"headline\":\"Seguro de salud para particulares en Matar\u00f3 y Canet de Mar: ahora con hasta 3 meses gratis en Allianz Global d\u2019Ara\",\"datePublished\":\"2026-01-22T10:25:28+00:00\",\"dateModified\":\"2026-01-22T10:40:57+00:00\",\"mainEntityOfPage\":{\"@id\":\"https:\/\/allianzglobaldara.com\/es\/seguro-salud-mataro-canet-mes-gratis\/\"},\"wordCount\":454,\"commentCount\":0,\"publisher\":{\"@id\":\"https:\/\/allianzglobaldara.com\/#organization\"},\"image\":{\"@id\":\"https:\/\/allianzglobaldara.com\/es\/seguro-salud-mataro-canet-mes-gratis\/#primaryimage\"},\"thumbnailUrl\":\"https:\/\/allianzglobaldara.com\/wp-content\/uploads\/2026\/01\/Newsletter-Allianz-15.png\",\"articleSection\":[\"Uncategorized @ca\"],\"inLanguage\":\"es\",\"potentialAction\":[{\"@type\":\"CommentAction\",\"name\":\"Comment\",\"target\":[\"https:\/\/allianzglobaldara.com\/es\/seguro-salud-mataro-canet-mes-gratis\/#respond\"]}]},{\"@type\":\"WebPage\",\"@id\":\"https:\/\/allianzglobaldara.com\/es\/seguro-salud-mataro-canet-mes-gratis\/\",\"url\":\"https:\/\/allianzglobaldara.com\/es\/seguro-salud-mataro-canet-mes-gratis\/\",\"name\":\"Seguro de salud en Matar\u00f3 y Canet | Hasta 3 meses gratis\",\"isPartOf\":{\"@id\":\"https:\/\/allianzglobaldara.com\/#website\"},\"primaryImageOfPage\":{\"@id\":\"https:\/\/allianzglobaldara.com\/es\/seguro-salud-mataro-canet-mes-gratis\/#primaryimage\"},\"image\":{\"@id\":\"https:\/\/allianzglobaldara.com\/es\/seguro-salud-mataro-canet-mes-gratis\/#primaryimage\"},\"thumbnailUrl\":\"https:\/\/allianzglobaldara.com\/wp-content\/uploads\/2026\/01\/Newsletter-Allianz-15.png\",\"datePublished\":\"2026-01-22T10:25:28+00:00\",\"dateModified\":\"2026-01-22T10:40:57+00:00\",\"description\":\"Contrata tu seguro de salud en Matar\u00f3 o Canet de Mar con Allianz Global d\u2019Ara. Accede a un amplio cuadro m\u00e9dico y disfruta de hasta 3 meses gratis. Promo v\u00e1lida hasta el 31 de enero.\",\"breadcrumb\":{\"@id\":\"https:\/\/allianzglobaldara.com\/es\/seguro-salud-mataro-canet-mes-gratis\/#breadcrumb\"},\"inLanguage\":\"es\",\"potentialAction\":[{\"@type\":\"ReadAction\",\"target\":[\"https:\/\/allianzglobaldara.com\/es\/seguro-salud-mataro-canet-mes-gratis\/\"]}]},{\"@type\":\"ImageObject\",\"inLanguage\":\"es\",\"@id\":\"https:\/\/allianzglobaldara.com\/es\/seguro-salud-mataro-canet-mes-gratis\/#primaryimage\",\"url\":\"https:\/\/allianzglobaldara.com\/wp-content\/uploads\/2026\/01\/Newsletter-Allianz-15.png\",\"contentUrl\":\"https:\/\/allianzglobaldara.com\/wp-content\/uploads\/2026\/01\/Newsletter-Allianz-15.png\",\"width\":800,\"height\":500},{\"@type\":\"BreadcrumbList\",\"@id\":\"https:\/\/allianzglobaldara.com\/es\/seguro-salud-mataro-canet-mes-gratis\/#breadcrumb\",\"itemListElement\":[{\"@type\":\"ListItem\",\"position\":1,\"name\":\"Home\",\"item\":\"https:\/\/allianzglobaldara.com\/es\/\"},{\"@type\":\"ListItem\",\"position\":2,\"name\":\"Seguro de salud para particulares en Matar\u00f3 y Canet de Mar: ahora con hasta 3 meses gratis en Allianz Global d\u2019Ara\"}]},{\"@type\":\"WebSite\",\"@id\":\"https:\/\/allianzglobaldara.com\/#website\",\"url\":\"https:\/\/allianzglobaldara.com\/\",\"name\":\"Allianz d&#039;Ara Grup\",\"description\":\"Ag\u00e8ncia d&#039;Assegurances Allianz a Matar\u00f3\",\"publisher\":{\"@id\":\"https:\/\/allianzglobaldara.com\/#organization\"},\"potentialAction\":[{\"@type\":\"SearchAction\",\"target\":{\"@type\":\"EntryPoint\",\"urlTemplate\":\"https:\/\/allianzglobaldara.com\/?s={search_term_string}\"},\"query-input\":{\"@type\":\"PropertyValueSpecification\",\"valueRequired\":true,\"valueName\":\"search_term_string\"}}],\"inLanguage\":\"es\"},{\"@type\":\"Organization\",\"@id\":\"https:\/\/allianzglobaldara.com\/#organization\",\"name\":\"Allianz d&#039;Ara Grup\",\"url\":\"https:\/\/allianzglobaldara.com\/\",\"logo\":{\"@type\":\"ImageObject\",\"inLanguage\":\"es\",\"@id\":\"https:\/\/allianzglobaldara.com\/#\/schema\/logo\/image\/\",\"url\":\"https:\/\/allianzglobaldara.com\/wp-content\/uploads\/2024\/03\/FAMILY-OFFICE-dARA-13-1.png\",\"contentUrl\":\"https:\/\/allianzglobaldara.com\/wp-content\/uploads\/2024\/03\/FAMILY-OFFICE-dARA-13-1.png\",\"width\":472,\"height\":194,\"caption\":\"Allianz d&#039;Ara Grup\"},\"image\":{\"@id\":\"https:\/\/allianzglobaldara.com\/#\/schema\/logo\/image\/\"}},{\"@type\":\"Person\",\"@id\":\"https:\/\/allianzglobaldara.com\/#\/schema\/person\/fae2d4e90b21f578e3cb83fd0318890c\",\"name\":\"admin\",\"image\":{\"@type\":\"ImageObject\",\"inLanguage\":\"es\",\"@id\":\"https:\/\/allianzglobaldara.com\/#\/schema\/person\/image\/\",\"url\":\"https:\/\/secure.gravatar.com\/avatar\/b700de3fbacf65d2172195421a8a4e102dc309b05c27fcba8fef83dc40c8a1af?s=96&d=mm&r=g\",\"contentUrl\":\"https:\/\/secure.gravatar.com\/avatar\/b700de3fbacf65d2172195421a8a4e102dc309b05c27fcba8fef83dc40c8a1af?s=96&d=mm&r=g\",\"caption\":\"admin\"},\"url\":\"https:\/\/allianzglobaldara.com\/es\/author\/admin2\/\"}]}<\/script>\n<!-- \/ Yoast SEO plugin. -->","yoast_head_json":{"title":"Seguro de salud en Matar\u00f3 y Canet | Hasta 3 meses gratis","description":"Contrata tu seguro de salud en Matar\u00f3 o Canet de Mar con Allianz Global d\u2019Ara. Accede a un amplio cuadro m\u00e9dico y disfruta de hasta 3 meses gratis. Promo v\u00e1lida hasta el 31 de enero.","robots":{"index":"index","follow":"follow","max-snippet":"max-snippet:-1","max-image-preview":"max-image-preview:large","max-video-preview":"max-video-preview:-1"},"canonical":"https:\/\/allianzglobaldara.com\/es\/seguro-salud-mataro-canet-mes-gratis\/","og_locale":"es_ES","og_type":"article","og_title":"Seguro de salud en Matar\u00f3 y Canet | Hasta 3 meses gratis","og_description":"Contrata tu seguro de salud en Matar\u00f3 o Canet de Mar con Allianz Global d\u2019Ara. Accede a un amplio cuadro m\u00e9dico y disfruta de hasta 3 meses gratis. Promo v\u00e1lida hasta el 31 de enero.","og_url":"https:\/\/allianzglobaldara.com\/es\/seguro-salud-mataro-canet-mes-gratis\/","og_site_name":"Allianz d&#039;Ara Grup","article_published_time":"2026-01-22T10:25:28+00:00","article_modified_time":"2026-01-22T10:40:57+00:00","og_image":[{"width":800,"height":500,"url":"https:\/\/allianzglobaldara.com\/wp-content\/uploads\/2026\/01\/Newsletter-Allianz-15.png","type":"image\/png"}],"author":"admin","twitter_card":"summary_large_image","twitter_misc":{"Escrito por":"admin","Tiempo de lectura":"3 minutos"},"schema":{"@context":"https:\/\/schema.org","@graph":[{"@type":"Article","@id":"https:\/\/allianzglobaldara.com\/es\/seguro-salud-mataro-canet-mes-gratis\/#article","isPartOf":{"@id":"https:\/\/allianzglobaldara.com\/es\/seguro-salud-mataro-canet-mes-gratis\/"},"author":{"name":"admin","@id":"https:\/\/allianzglobaldara.com\/#\/schema\/person\/fae2d4e90b21f578e3cb83fd0318890c"},"headline":"Seguro de salud para particulares en Matar\u00f3 y Canet de Mar: ahora con hasta 3 meses gratis en Allianz Global d\u2019Ara","datePublished":"2026-01-22T10:25:28+00:00","dateModified":"2026-01-22T10:40:57+00:00","mainEntityOfPage":{"@id":"https:\/\/allianzglobaldara.com\/es\/seguro-salud-mataro-canet-mes-gratis\/"},"wordCount":454,"commentCount":0,"publisher":{"@id":"https:\/\/allianzglobaldara.com\/#organization"},"image":{"@id":"https:\/\/allianzglobaldara.com\/es\/seguro-salud-mataro-canet-mes-gratis\/#primaryimage"},"thumbnailUrl":"https:\/\/allianzglobaldara.com\/wp-content\/uploads\/2026\/01\/Newsletter-Allianz-15.png","articleSection":["Uncategorized @ca"],"inLanguage":"es","potentialAction":[{"@type":"CommentAction","name":"Comment","target":["https:\/\/allianzglobaldara.com\/es\/seguro-salud-mataro-canet-mes-gratis\/#respond"]}]},{"@type":"WebPage","@id":"https:\/\/allianzglobaldara.com\/es\/seguro-salud-mataro-canet-mes-gratis\/","url":"https:\/\/allianzglobaldara.com\/es\/seguro-salud-mataro-canet-mes-gratis\/","name":"Seguro de salud en Matar\u00f3 y Canet | Hasta 3 meses gratis","isPartOf":{"@id":"https:\/\/allianzglobaldara.com\/#website"},"primaryImageOfPage":{"@id":"https:\/\/allianzglobaldara.com\/es\/seguro-salud-mataro-canet-mes-gratis\/#primaryimage"},"image":{"@id":"https:\/\/allianzglobaldara.com\/es\/seguro-salud-mataro-canet-mes-gratis\/#primaryimage"},"thumbnailUrl":"https:\/\/allianzglobaldara.com\/wp-content\/uploads\/2026\/01\/Newsletter-Allianz-15.png","datePublished":"2026-01-22T10:25:28+00:00","dateModified":"2026-01-22T10:40:57+00:00","description":"Contrata tu seguro de salud en Matar\u00f3 o Canet de Mar con Allianz Global d\u2019Ara. Accede a un amplio cuadro m\u00e9dico y disfruta de hasta 3 meses gratis. Promo v\u00e1lida hasta el 31 de enero.","breadcrumb":{"@id":"https:\/\/allianzglobaldara.com\/es\/seguro-salud-mataro-canet-mes-gratis\/#breadcrumb"},"inLanguage":"es","potentialAction":[{"@type":"ReadAction","target":["https:\/\/allianzglobaldara.com\/es\/seguro-salud-mataro-canet-mes-gratis\/"]}]},{"@type":"ImageObject","inLanguage":"es","@id":"https:\/\/allianzglobaldara.com\/es\/seguro-salud-mataro-canet-mes-gratis\/#primaryimage","url":"https:\/\/allianzglobaldara.com\/wp-content\/uploads\/2026\/01\/Newsletter-Allianz-15.png","contentUrl":"https:\/\/allianzglobaldara.com\/wp-content\/uploads\/2026\/01\/Newsletter-Allianz-15.png","width":800,"height":500},{"@type":"BreadcrumbList","@id":"https:\/\/allianzglobaldara.com\/es\/seguro-salud-mataro-canet-mes-gratis\/#breadcrumb","itemListElement":[{"@type":"ListItem","position":1,"name":"Home","item":"https:\/\/allianzglobaldara.com\/es\/"},{"@type":"ListItem","position":2,"name":"Seguro de salud para particulares en Matar\u00f3 y Canet de Mar: ahora con hasta 3 meses gratis en Allianz Global d\u2019Ara"}]},{"@type":"WebSite","@id":"https:\/\/allianzglobaldara.com\/#website","url":"https:\/\/allianzglobaldara.com\/","name":"Allianz d&#039;Ara Grup","description":"Ag\u00e8ncia d&#039;Assegurances Allianz a Matar\u00f3","publisher":{"@id":"https:\/\/allianzglobaldara.com\/#organization"},"potentialAction":[{"@type":"SearchAction","target":{"@type":"EntryPoint","urlTemplate":"https:\/\/allianzglobaldara.com\/?s={search_term_string}"},"query-input":{"@type":"PropertyValueSpecification","valueRequired":true,"valueName":"search_term_string"}}],"inLanguage":"es"},{"@type":"Organization","@id":"https:\/\/allianzglobaldara.com\/#organization","name":"Allianz d&#039;Ara Grup","url":"https:\/\/allianzglobaldara.com\/","logo":{"@type":"ImageObject","inLanguage":"es","@id":"https:\/\/allianzglobaldara.com\/#\/schema\/logo\/image\/","url":"https:\/\/allianzglobaldara.com\/wp-content\/uploads\/2024\/03\/FAMILY-OFFICE-dARA-13-1.png","contentUrl":"https:\/\/allianzglobaldara.com\/wp-content\/uploads\/2024\/03\/FAMILY-OFFICE-dARA-13-1.png","width":472,"height":194,"caption":"Allianz d&#039;Ara Grup"},"image":{"@id":"https:\/\/allianzglobaldara.com\/#\/schema\/logo\/image\/"}},{"@type":"Person","@id":"https:\/\/allianzglobaldara.com\/#\/schema\/person\/fae2d4e90b21f578e3cb83fd0318890c","name":"admin","image":{"@type":"ImageObject","inLanguage":"es","@id":"https:\/\/allianzglobaldara.com\/#\/schema\/person\/image\/","url":"https:\/\/secure.gravatar.com\/avatar\/b700de3fbacf65d2172195421a8a4e102dc309b05c27fcba8fef83dc40c8a1af?s=96&d=mm&r=g","contentUrl":"https:\/\/secure.gravatar.com\/avatar\/b700de3fbacf65d2172195421a8a4e102dc309b05c27fcba8fef83dc40c8a1af?s=96&d=mm&r=g","caption":"admin"},"url":"https:\/\/allianzglobaldara.com\/es\/author\/admin2\/"}]}},"_links":{"self":[{"href":"https:\/\/allianzglobaldara.com\/es\/wp-json\/wp\/v2\/posts\/37519","targetHints":{"allow":["GET"]}}],"collection":[{"href":"https:\/\/allianzglobaldara.com\/es\/wp-json\/wp\/v2\/posts"}],"about":[{"href":"https:\/\/allianzglobaldara.com\/es\/wp-json\/wp\/v2\/types\/post"}],"author":[{"embeddable":true,"href":"https:\/\/allianzglobaldara.com\/es\/wp-json\/wp\/v2\/users\/1"}],"replies":[{"embeddable":true,"href":"https:\/\/allianzglobaldara.com\/es\/wp-json\/wp\/v2\/comments?post=37519"}],"version-history":[{"count":3,"href":"https:\/\/allianzglobaldara.com\/es\/wp-json\/wp\/v2\/posts\/37519\/revisions"}],"predecessor-version":[{"id":37529,"href":"https:\/\/allianzglobaldara.com\/es\/wp-json\/wp\/v2\/posts\/37519\/revisions\/37529"}],"wp:featuredmedia":[{"embeddable":true,"href":"https:\/\/allianzglobaldara.com\/es\/wp-json\/wp\/v2\/media\/37522"}],"wp:attachment":[{"href":"https:\/\/allianzglobaldara.com\/es\/wp-json\/wp\/v2\/media?parent=37519"}],"wp:term":[{"taxonomy":"category","embeddable":true,"href":"https:\/\/allianzglobaldara.com\/es\/wp-json\/wp\/v2\/categories?post=37519"},{"taxonomy":"post_tag","embeddable":true,"href":"https:\/\/allianzglobaldara.com\/es\/wp-json\/wp\/v2\/tags?post=37519"},{"taxonomy":"post_series","embeddable":true,"href":"https:\/\/allianzglobaldara.com\/es\/wp-json\/wp\/v2\/post_series?post=37519"}],"curies":[{"name":"wp","href":"https:\/\/api.w.org\/{rel}","templated":true}]}}